{"id":1879,"date":"2025-01-13T20:11:43","date_gmt":"2025-01-13T19:11:43","guid":{"rendered":"https:\/\/www.ttctrierweiler.de\/?p=1879"},"modified":"2025-01-13T20:11:43","modified_gmt":"2025-01-13T19:11:43","slug":"einladung-zur-jahreshauptversammlung","status":"publish","type":"post","link":"https:\/\/www.ttctrierweiler.de\/?p=1879","title":{"rendered":"Einladung zur Jahreshauptversammlung"},"content":{"rendered":"\n<p>Sehr geehrte Vereinsmitglieder,<br>sehr geehrte Eltern,<\/p>\n\n\n\n<p>hiermit lade ich Sie herzlich zu der diesj\u00e4hrigen Jahreshauptversammlung des TTC Trierweiler 1977 e.V. am\u00a0<strong>Mittwoch, den 19.02.2025 um 19.30 Uhr<\/strong>\u00a0<strong>ins Gasthaus Schmitz in 54311 Trierweiler ein.<\/strong><\/p>\n\n\n\n<p>In diesem Jahr steht die Vorstandsneuwahl auf der Tagesordnung, daher bitte ich um m\u00f6glichst vollz\u00e4hlige Anwesenheit aller Mitglieder. Nach 20 Jahren als 1. Vorsitzender trete ich dieses Jahr nicht mehr zur Wiederwahl an, von daher ist die Vorstandwahl dieses Jahr auch richtungsweisend f\u00fcr die kommenden Jahre.&nbsp;<\/p>\n\n\n\n<p>Ebenso w\u00fcrden wir uns freuen, wenn wir Eltern der Kinder aus dem Kinderturnen auf der Jahreshauptversammlung begr\u00fc\u00dfen d\u00fcrften.<\/p>\n\n\n\n<p><strong>Vorgesehene Tagesordnung<\/strong><\/p>\n\n\n\n<ol start=\"1\" class=\"wp-block-list\">\n<li>Begr\u00fc\u00dfung durch den Vorsitzenden<\/li>\n\n\n\n<li>Berichte<br>&#8211; <span style=\"font-size: 1rem;\">Gesch\u00e4ftsbericht (vorgestellt durch den Schriftf\u00fchrer)<\/span><br>&#8211; <span style=\"font-size: 1rem;\">Bericht des Sportwarts (Situation Tischtennis im Jugend- und Herrenbereich)<\/span><br>&#8211; <span style=\"font-size: 1rem;\">Bericht aus der Abteilung Kinderturnen<\/span><br>&#8211; <span style=\"font-size: 1rem;\">Aussprache zu den Berichten und der Vereinsentwicklung<\/span><br>&#8211; <span style=\"font-size: 1rem;\">Bericht des Kassenwarts\u00a0<\/span><\/li>\n<\/ol>\n\n\n\n<ol start=\"3\" class=\"wp-block-list\">\n<li>Entlastung des Vorstandes<\/li>\n\n\n\n<li>Wahl eines Versammlungsleiters<\/li>\n\n\n\n<li>Neuwahl des Vereinsvorstandes und der Kassenpr\u00fcfer<\/li>\n\n\n\n<li>Veranstaltungen 2025<\/li>\n\n\n\n<li>Verschiedenes<\/li>\n<\/ol>\n\n\n\n<p>Bitte richten Sie Antr\u00e4ge und Erg\u00e4nzungen zur Tagesordnung bis zum 17.02.2025 schriftlich an oben genannte E-Mailadresse.<\/p>\n","protected":false},"excerpt":{"rendered":"<p>Sehr geehrte Vereinsmitglieder,sehr geehrte Eltern, hiermit lade ich Sie herzlich zu der diesj\u00e4hrigen Jahreshauptversammlung des TTC Trierweiler 1977 e.V. am\u00a0Mittwoch, den 19.02.2025 um 19.30 Uhr\u00a0ins Gasthaus Schmitz in 54311 Trierweiler ein. In diesem Jahr steht die Vorstandsneuwahl auf der Tagesordnung, daher bitte ich um m\u00f6glichst vollz\u00e4hlige Anwesenheit aller Mitglieder. Nach 20 Jahren als 1. Vorsitzender [&hellip;]<\/p>\n","protected":false},"author":6,"featured_media":0,"comment_status":"closed","ping_status":"closed","sticky":false,"template":"","format":"standard","meta":{"_jetpack_memberships_contains_paid_content":false,"footnotes":""},"categories":[1],"tags":[],"class_list":["post-1879","post","type-post","status-publish","format-standard","hentry","category-allgemein"],"jetpack_featured_media_url":"","jetpack_sharing_enabled":true,"_links":{"self":[{"href":"https:\/\/www.ttctrierweiler.de\/index.php?rest_route=\/wp\/v2\/posts\/1879","targetHints":{"allow":["GET"]}}],"collection":[{"href":"https:\/\/www.ttctrierweiler.de\/index.php?rest_route=\/wp\/v2\/posts"}],"about":[{"href":"https:\/\/www.ttctrierweiler.de\/index.php?rest_route=\/wp\/v2\/types\/post"}],"author":[{"embeddable":true,"href":"https:\/\/www.ttctrierweiler.de\/index.php?rest_route=\/wp\/v2\/users\/6"}],"replies":[{"embeddable":true,"href":"https:\/\/www.ttctrierweiler.de\/index.php?rest_route=%2Fwp%2Fv2%2Fcomments&post=1879"}],"version-history":[{"count":1,"href":"https:\/\/www.ttctrierweiler.de\/index.php?rest_route=\/wp\/v2\/posts\/1879\/revisions"}],"predecessor-version":[{"id":1880,"href":"https:\/\/www.ttctrierweiler.de\/index.php?rest_route=\/wp\/v2\/posts\/1879\/revisions\/1880"}],"wp:attachment":[{"href":"https:\/\/www.ttctrierweiler.de\/index.php?rest_route=%2Fwp%2Fv2%2Fmedia&parent=1879"}],"wp:term":[{"taxonomy":"category","embeddable":true,"href":"https:\/\/www.ttctrierweiler.de\/index.php?rest_route=%2Fwp%2Fv2%2Fcategories&post=1879"},{"taxonomy":"post_tag","embeddable":true,"href":"https:\/\/www.ttctrierweiler.de\/index.php?rest_route=%2Fwp%2Fv2%2Ftags&post=1879"}],"curies":[{"name":"wp","href":"https:\/\/api.w.org\/{rel}","templated":true}]}}