{"id":1591,"date":"2021-07-13T09:10:00","date_gmt":"2021-07-13T08:10:00","guid":{"rendered":"https:\/\/www.ttctrierweiler.de\/?p=1591"},"modified":"2021-08-26T11:04:10","modified_gmt":"2021-08-26T10:04:10","slug":"jahreshauptversammlung-am-25-08-2021","status":"publish","type":"post","link":"https:\/\/www.ttctrierweiler.de\/?p=1591","title":{"rendered":"Jahreshauptversammlung am 25.08.2021"},"content":{"rendered":"\n<p>Auf der gestrigen Jahreshauptversammlung wurde der Vorstand des TTC Trierweiler gew\u00e4hlt und stellt sich nun wie folgt auf:<\/p>\n\n\n\n<p>1. Vorsitzender: Alexander Hoffmann<br>2. Vorsitzender: Werner Schmitt<br>Schriftf\u00fchrer: Jan Huth<\/p>\n\n\n\n<p>Kassenwart: Axel Berweiler<br>Kassenpr\u00fcfer: Uli G\u00f6rgen und Michael Zenner<\/p>\n\n\n\n<p>Sportwart: Rainer Schu<br>Jugendwart: Tobias Pinnel<br><br>Beisitzer: <br>Rainer P\u00fctz<br>Gerald Turgeon<br>J\u00fcrgen Wirzberger<br>J\u00fcrgen Zirbes<\/p>\n\n\n\n<p>Wir w\u00fcnschen allen gew\u00e4hlten Vorstandsmitgliedern in den kommenden zwei Jahren viel Spa\u00df &amp; Freude in ihren \u00c4mtern.<\/p>\n","protected":false},"excerpt":{"rendered":"<p>Auf der gestrigen Jahreshauptversammlung wurde der Vorstand des TTC Trierweiler gew\u00e4hlt und stellt sich nun wie folgt auf: 1. Vorsitzender: Alexander Hoffmann2. Vorsitzender: Werner SchmittSchriftf\u00fchrer: Jan Huth Kassenwart: Axel BerweilerKassenpr\u00fcfer: Uli G\u00f6rgen und Michael Zenner Sportwart: Rainer SchuJugendwart: Tobias Pinnel Beisitzer: Rainer P\u00fctzGerald TurgeonJ\u00fcrgen WirzbergerJ\u00fcrgen Zirbes Wir w\u00fcnschen allen gew\u00e4hlten Vorstandsmitgliedern in den kommenden zwei [&hellip;]<\/p>\n","protected":false},"author":6,"featured_media":0,"comment_status":"closed","ping_status":"closed","sticky":false,"template":"","format":"standard","meta":{"_jetpack_memberships_contains_paid_content":false,"footnotes":""},"categories":[1],"tags":[],"class_list":["post-1591","post","type-post","status-publish","format-standard","hentry","category-allgemein"],"jetpack_featured_media_url":"","jetpack_sharing_enabled":true,"_links":{"self":[{"href":"https:\/\/www.ttctrierweiler.de\/index.php?rest_route=\/wp\/v2\/posts\/1591","targetHints":{"allow":["GET"]}}],"collection":[{"href":"https:\/\/www.ttctrierweiler.de\/index.php?rest_route=\/wp\/v2\/posts"}],"about":[{"href":"https:\/\/www.ttctrierweiler.de\/index.php?rest_route=\/wp\/v2\/types\/post"}],"author":[{"embeddable":true,"href":"https:\/\/www.ttctrierweiler.de\/index.php?rest_route=\/wp\/v2\/users\/6"}],"replies":[{"embeddable":true,"href":"https:\/\/www.ttctrierweiler.de\/index.php?rest_route=%2Fwp%2Fv2%2Fcomments&post=1591"}],"version-history":[{"count":5,"href":"https:\/\/www.ttctrierweiler.de\/index.php?rest_route=\/wp\/v2\/posts\/1591\/revisions"}],"predecessor-version":[{"id":1605,"href":"https:\/\/www.ttctrierweiler.de\/index.php?rest_route=\/wp\/v2\/posts\/1591\/revisions\/1605"}],"wp:attachment":[{"href":"https:\/\/www.ttctrierweiler.de\/index.php?rest_route=%2Fwp%2Fv2%2Fmedia&parent=1591"}],"wp:term":[{"taxonomy":"category","embeddable":true,"href":"https:\/\/www.ttctrierweiler.de\/index.php?rest_route=%2Fwp%2Fv2%2Fcategories&post=1591"},{"taxonomy":"post_tag","embeddable":true,"href":"https:\/\/www.ttctrierweiler.de\/index.php?rest_route=%2Fwp%2Fv2%2Ftags&post=1591"}],"curies":[{"name":"wp","href":"https:\/\/api.w.org\/{rel}","templated":true}]}}